{"id":3616,"date":"2023-01-30T14:51:00","date_gmt":"2023-01-30T12:51:00","guid":{"rendered":"https:\/\/senima.eu\/?p=3616"},"modified":"2025-07-08T12:50:14","modified_gmt":"2025-07-08T09:50:14","slug":"senima-egy-projekt-a-tarsadalmi-vallalkozasok-tamogatasaert","status":"publish","type":"post","link":"https:\/\/senima.eu\/hu\/senima-egy-projekt-a-tarsadalmi-vallalkozasok-tamogatasaert\/","title":{"rendered":"SENIMA: egy projekt a t\u00e1rsadalmi v\u00e1llalkoz\u00e1sok t\u00e1mogat\u00e1s\u00e1\u00e9rt"},"content":{"rendered":"\n<p><strong>A SENIMA (Social ENterprIses Management) egy Erasmus+ projekt, amelynek c\u00e9lja a t\u00e1rsadalmi v\u00e1llalkoz\u00f3i tev\u00e9kenys\u00e9g el\u0151mozd\u00edt\u00e1sa az\u00e1ltal, hogy a r\u00e9sztvev\u0151ket a szoci\u00e1lis \u00e1gazat n\u00f6veked\u00e9s\u00e9hez \u00e9s fejl\u0151d\u00e9s\u00e9hez sz\u00fcks\u00e9ges k\u00e9szs\u00e9gekkel \u00e9s eszk\u00f6z\u00f6kkel ruh\u00e1zza fel.<\/strong><\/p>\n\n\n\n<p>Az egyre n\u00e9pszer\u0171bb\u00e9 v\u00e1l\u00f3 t\u00e1rsadalmi v\u00e1llalkoz\u00e1sok olyan &#8222;hibrid&#8221; v\u00e1llalkoz\u00e1sok, amelyek a gazdas\u00e1gi, t\u00e1rsadalmi \u00e9s k\u00f6rnyezeti ig\u00e9nyek kiel\u00e9g\u00edt\u00e9se \u00e9rdek\u00e9ben piaci \u00e9s nem piaci finansz\u00edroz\u00e1si forr\u00e1sokat kombin\u00e1lnak. F\u0151 c\u00e9ljuk nem felt\u00e9tlen\u00fcl a profitszerz\u00e9s, hanem a t\u00e1rsadalmi hat\u00e1s el\u00e9r\u00e9se.<\/p>\n\n\n\n<p>A projekt konzorcium\u00e1ban 5 orsz\u00e1g (Ciprus, G\u00f6r\u00f6gorsz\u00e1g, Magyarorsz\u00e1g, Olaszorsz\u00e1g \u00e9s Lengyelorsz\u00e1g) hat k\u00fcl\u00f6nb\u00f6z\u0151 partnerszervezete vesz r\u00e9szt. A projektpartnerek k\u00f6z\u00f6tt van fels\u0151oktat\u00e1si int\u00e9zm\u00e9ny (Uniwersytet \u0141odzki), akkredit\u00e1ci\u00f3s \u00e9s tan\u00fas\u00edt\u00f3 szervezet (Eurocert), webfejleszt\u0151 c\u00e9g (PCX Computers &amp; Information Systems Ltd.), v\u00e1llalatir\u00e1ny\u00edt\u00e1si szervezet (LT Synergy Ltd.), nonprofit t\u00e1rsadalmi v\u00e1llalkoz\u00e1s (PRISM Impresa Sociale S.R.L.) valamint kereskedelmi \u00e9s iparkamara (Csongr\u00e1d-Csan\u00e1di Kereskedelmi \u00e9s Iparkamara) is.<\/p>\n\n\n\n<p>A SENIMA projekt els\u0151dleges c\u00e9lcsoportjai a kkv-k, a t\u00e1rsadalmi v\u00e1llalkoz\u00f3i forma ir\u00e1nt \u00e9rdekl\u0151d\u0151 start-upok \u00e9s v\u00e1llalkoz\u00e1sok, de a program hasznos lehet a v\u00e1llalkoz\u00e1sok vezet\u0151i sz\u00e1m\u00e1ra is az indul\u00e1s \u00e9s a fejleszt\u00e9s egyes f\u00e1zisaiban; \u00fczleti tan\u00e1csad\u00f3k sz\u00e1m\u00e1ra a c\u00e9lcsoportjaik t\u00e1mogat\u00e1s\u00e1ra; szakk\u00e9pz\u00e9si szolg\u00e1ltat\u00f3k, oktat\u00f3k, kereskedelmi \u00e9s iparkamar\u00e1k sz\u00e1m\u00e1ra a programk\u00edn\u00e1latuk b\u0151v\u00edt\u00e9s\u00e9re; valamint uni\u00f3s h\u00e1l\u00f3zatok \u00e9s politikai d\u00f6nt\u00e9shoz\u00f3k sz\u00e1m\u00e1ra.<\/p>\n\n\n\n<p>A SENIMA projekt keret\u00e9ben egy 4 modulb\u00f3l \u00e1ll\u00f3 SENIMA tananyag ker\u00fclt kidolgoz\u00e1sra, amely az al\u00e1bbi t\u00e9mak\u00f6r\u00f6kben ny\u00fajt alapvet\u0151 inform\u00e1ci\u00f3kat:<\/p>\n\n\n\n<ol class=\"wp-block-list\">\n<li>T\u00e1rsadalmi v\u00e1llalkoz\u00e1sok \u00fczleti modelljei \u00e9s jogi form\u00e1i<\/li>\n\n\n\n<li>Innov\u00e1ci\u00f3 a t\u00e1rsadalmi v\u00e1llalkoz\u00e1sokn\u00e1l<\/li>\n\n\n\n<li>A t\u00e1rsadalmi v\u00e1llalkoz\u00e1sok p\u00e9nz\u00fcgyi menedzsmentje<\/li>\n\n\n\n<li>V\u00e1llalatir\u00e1ny\u00edt\u00e1s a t\u00e1rsadalmi v\u00e1llalkoz\u00e1sokn\u00e1l<\/li>\n<\/ol>\n\n\n\n<p>A SENIMA elektronikus platform az angol mellett a partnerorsz\u00e1gok nyelvein (g\u00f6r\u00f6g, magyar, olasz \u00e9s lengyel) is el\u00e9rhet\u0151 lesz. A honlapon el\u00e9rhet\u0151 lesz majd a SENIMA tananyag a tanul\u00e1si folyamatot t\u00e1mogat\u00f3 \u00f6sszes eszk\u00f6zzel \u00e9s forr\u00e1ssal egy\u00fctt. A SENIMA Eszk\u00f6zt\u00e1r \u00e9s Alkalmazott Esettanulm\u00e1ny seg\u00edts\u00e9g\u00e9vel a projekt c\u00e9lcsoportjai hiteles \u00e9s k\u00f6nnyen adapt\u00e1lhat\u00f3 ismereteket \u00e9s m\u00f3dszereket szerezhetnek a t\u00e1rsadalmi v\u00e1llalkoz\u00f3i tev\u00e9kenys\u00e9gr\u0151l. A program r\u00e9sztvev\u0151i a tananyag sikeres elv\u00e9gz\u00e9s\u00e9t a SENIMA tan\u00fas\u00edtv\u00e1nnyal is igazolhatj\u00e1k.<\/p>\n\n\n\n<p>A konzorcium els\u0151 h\u00edrlevele 2022. december\u00e9ben jelent meg, bemutatja a projektet \u00e9s annak c\u00e9lkit\u0171z\u00e9seit, a projektpartnereket, valamint r\u00e9szletesebb t\u00e1j\u00e9koztat\u00e1st ny\u00fajt a SENIMA tananyag k\u00fcl\u00f6nb\u00f6z\u0151 moduljair\u00f3l.&nbsp;&nbsp;<\/p>\n\n\n\n<p>A 2024 janu\u00e1rj\u00e1ig tart\u00f3 projekt az Eur\u00f3pai Bizotts\u00e1g Erasmus+ programj\u00e1nak t\u00e1rsfinansz\u00edroz\u00e1s\u00e1val val\u00f3sul meg, \u00e9s \u00f6sszhangban van az Eur\u00f3pai Bizotts\u00e1g \u201eV\u00e1llalkoz\u00e1s 2020\u201d cselekv\u00e9si terv\u00e9vel, amely kiemeli a v\u00e1llalkoz\u00f3v\u00e1 v\u00e1l\u00e1shoz sz\u00fcks\u00e9ges oktat\u00e1s \u00e9s k\u00e9pz\u00e9s fontoss\u00e1g\u00e1t, valamint a v\u00e1llalkoz\u00f3k sz\u00e1m\u00e1ra a n\u00f6veked\u00e9shez \u00e9s fejl\u0151d\u00e9shez sz\u00fcks\u00e9ges megfelel\u0151 k\u00f6rnyezet megteremt\u00e9s\u00e9nek sz\u00fcks\u00e9gess\u00e9g\u00e9t.<\/p>\n\n\n\n<p>IDE KATTINTVA tudjon meg t\u00f6bbet a projektr\u0151l, \u00e9s t\u00f6ltse le a <a href=\"https:\/\/senima.eu\/wp-content\/uploads\/2023\/01\/SENIMA-Syllabus_HU.pdf\" data-type=\"link\" data-id=\"https:\/\/senima.eu\/wp-content\/uploads\/2023\/01\/SENIMA-Syllabus_HU.pdf\">SENIMA tananyagot<\/a>.<\/p>\n","protected":false},"excerpt":{"rendered":"<p>A SENIMA (Social ENterprIses Management) egy Erasmus+ projekt, amelynek c\u00e9lja a t\u00e1rsadalmi v\u00e1llalkoz\u00f3i tev\u00e9kenys\u00e9g el\u0151mozd\u00edt\u00e1sa az\u00e1ltal, hogy a r\u00e9sztvev\u0151ket a szoci\u00e1lis \u00e1gazat n\u00f6veked\u00e9s\u00e9hez \u00e9s fejl\u0151d\u00e9s\u00e9hez sz\u00fcks\u00e9ges k\u00e9szs\u00e9gekkel \u00e9s eszk\u00f6z\u00f6kkel ruh\u00e1zza fel.<\/p>\n","protected":false},"author":1,"featured_media":121,"comment_status":"closed","ping_status":"closed","sticky":false,"template":"","format":"standard","meta":{"_jetpack_memberships_contains_paid_content":false,"footnotes":""},"categories":[49],"tags":[],"class_list":["post-3616","post","type-post","status-publish","format-standard","has-post-thumbnail","hentry","category-hirlevel"],"jetpack_featured_media_url":"https:\/\/senima.eu\/wp-content\/uploads\/2022\/04\/SENIMA_logo_color-e1675108531985.png","jetpack_sharing_enabled":true,"_links":{"self":[{"href":"https:\/\/senima.eu\/hu\/wp-json\/wp\/v2\/posts\/3616","targetHints":{"allow":["GET"]}}],"collection":[{"href":"https:\/\/senima.eu\/hu\/wp-json\/wp\/v2\/posts"}],"about":[{"href":"https:\/\/senima.eu\/hu\/wp-json\/wp\/v2\/types\/post"}],"author":[{"embeddable":true,"href":"https:\/\/senima.eu\/hu\/wp-json\/wp\/v2\/users\/1"}],"replies":[{"embeddable":true,"href":"https:\/\/senima.eu\/hu\/wp-json\/wp\/v2\/comments?post=3616"}],"version-history":[{"count":0,"href":"https:\/\/senima.eu\/hu\/wp-json\/wp\/v2\/posts\/3616\/revisions"}],"wp:featuredmedia":[{"embeddable":true,"href":"https:\/\/senima.eu\/hu\/wp-json\/wp\/v2\/media\/121"}],"wp:attachment":[{"href":"https:\/\/senima.eu\/hu\/wp-json\/wp\/v2\/media?parent=3616"}],"wp:term":[{"taxonomy":"category","embeddable":true,"href":"https:\/\/senima.eu\/hu\/wp-json\/wp\/v2\/categories?post=3616"},{"taxonomy":"post_tag","embeddable":true,"href":"https:\/\/senima.eu\/hu\/wp-json\/wp\/v2\/tags?post=3616"}],"curies":[{"name":"wp","href":"https:\/\/api.w.org\/{rel}","templated":true}]}}